{"id":11817,"date":"2023-10-02T20:55:58","date_gmt":"2023-10-02T20:55:58","guid":{"rendered":"https:\/\/foncomerinmobiliaria.com.co\/?p=11817"},"modified":"2024-02-06T19:12:33","modified_gmt":"2024-02-06T19:12:33","slug":"el-ministerio-de-vivienda-invertira-25-billones-de-pesos-para-apoyar-nuevas-lineas-de-credito-que-permitan-acceder-a-vivienda-de-interes-social-y-vivienda-de-interes-prioritario","status":"publish","type":"post","link":"https:\/\/foncomerinmobiliaria.com.co\/?p=11817","title":{"rendered":"El Ministerio de Vivienda invertir\u00e1 2,5 billones de pesos para apoyar nuevas l\u00edneas de cr\u00e9dito que permitan acceder a Vivienda de Inter\u00e9s Social y Vivienda de Inter\u00e9s prioritario."},"content":{"rendered":"\n<figure class=\"wp-block-image size-full is-resized\"><img decoding=\"async\" src=\"https:\/\/foncomerinmobiliaria.com.co\/wp-content\/uploads\/2023\/10\/image-1-1024x853-1.png\" alt=\"\" class=\"wp-image-11818\" width=\"229\" height=\"190\" srcset=\"https:\/\/foncomerinmobiliaria.com.co\/wp-content\/uploads\/2023\/10\/image-1-1024x853-1.png 1024w, https:\/\/foncomerinmobiliaria.com.co\/wp-content\/uploads\/2023\/10\/image-1-1024x853-1-300x250.png 300w, https:\/\/foncomerinmobiliaria.com.co\/wp-content\/uploads\/2023\/10\/image-1-1024x853-1-768x640.png 768w, https:\/\/foncomerinmobiliaria.com.co\/wp-content\/uploads\/2023\/10\/image-1-1024x853-1-720x600.png 720w, https:\/\/foncomerinmobiliaria.com.co\/wp-content\/uploads\/2023\/10\/image-1-1024x853-1-496x413.png 496w\" sizes=\"(max-width: 229px) 100vw, 229px\" \/><\/figure>\n\n\n\n<p>Estas l\u00edneas de cr\u00e9dito se abrir\u00e1n en alianza con el<strong>&nbsp;Fondo Nacional del Ahorro<\/strong>, que contar\u00e1 con 1,5 billones de pesos, y&nbsp;<strong>Findeter<\/strong>, que recibir\u00e1 un bill\u00f3n de pesos.<\/p>\n\n\n\n<p>La ministra de vivienda, Catalina Velasco, asegur\u00f3 que estas l\u00edneas de cr\u00e9dito se crean en un momento de&nbsp;<strong>enfriamiento en la econom\u00eda&nbsp;<\/strong>para apoyar la reactivaci\u00f3n del sector.<\/p>\n\n\n\n<p>\u201cUno de los problemas m\u00e1s serios en este momento para el sector de la construcci\u00f3n es la<strong>&nbsp;falta de liquidez<\/strong>&nbsp;por razones macroecon\u00f3micas como la alta inflaci\u00f3n y las tasas de inter\u00e9s. Inyectar recursos al sector es algo muy importante que se dirigir\u00e1 a&nbsp;<strong>cr\u00e9dito hipotecario y constructor<\/strong>\u201d, expres\u00f3 Catalina Velasco, ministra de vivienda.<\/p>\n\n\n\n<p>Con este presupuesto, el Fondo Nacional del Ahorro reactivar\u00e1 el<strong>&nbsp;Cr\u00e9dito Constructor<\/strong>&nbsp;para la financiaci\u00f3n de proyectos de vivienda VIS y VIP que&nbsp; manejar\u00e1 tasas por&nbsp;<strong>UVR + 7,7 % o en pesos al 18 %, se garantizar\u00e1n 100 puntos b\u00e1sicos menos que el mercado.<\/strong><\/p>\n\n\n\n<p>Tambi\u00e9n, el Fondo ofrecer\u00e1 una tasa preferencial para las familias con ingresos hasta&nbsp;<strong>2 salarios m\u00ednimos&nbsp;<\/strong>que deseen comprar Vivienda de Inter\u00e9s Prioritario con una tasa preferencial&nbsp;<strong>VIP UVR + 0 y con cuotas mensuales de alrededor de $300.000 mensuales.<\/strong><\/p>\n\n\n\n<p>\u201cCon la tasa preferencial VIP podr\u00e1n financiar hasta el\u00a0<strong>80 % del valor del inmueble\u00a0<\/strong>en un plazo de pago hasta por 30 a\u00f1os. Los beneficiarios de la tasa preferencial que obtengan el 80 % de financiaci\u00f3n deber\u00e1n contar con una <\/p>\n\n\n\n<p><strong>cuota inicial de aproximadamente $21.000.000.<\/strong>&nbsp;En este caso, la cuota mensual a pagar ser\u00e1 de alrededor de&nbsp;<strong>$300.000 mensuales,<\/strong>&nbsp;incluidos seguros; para un monto de financiaci\u00f3n de $80.000.000. Esta tasa preferencial tendr\u00e1 vigencia hasta el 30 de junio de 2024 o hasta alcanzar $500 mil millones en cr\u00e9ditos aprobados\u201d, explica el FNA.<\/p>\n\n\n\n<h3 class=\"wp-block-heading\"><strong>Condiciones para esta l\u00ednea de cr\u00e9dito del FNA<\/strong><\/h3>\n\n\n\n<ul class=\"wp-block-list\">\n<li>Aplica para Vivienda de Inter\u00e9s Prioritario (VIP) nueva, equivalente hasta 90 SMMLV.<\/li>\n\n\n\n<li>La solicitud debe ser para cr\u00e9ditos en UVR.<\/li>\n\n\n\n<li>Los solicitantes deben estar afiliados al FNA por cesant\u00edas o Ahorro Voluntario Contractual (AVC).<\/li>\n\n\n\n<li>Los aplicantes no pueden superar ingresos de 2 SMMLV. Se puede aplicar de forma conjunta a este cr\u00e9dito, siempre y cuando los aspirantes est\u00e9n afiliados al FNA y no superen los 2 SMMLV.<\/li>\n<\/ul>\n\n\n\n<p>Por su parte, Findeter abrir\u00e1 una l\u00ednea de&nbsp;<strong>cr\u00e9dito de redescuento<\/strong>, con<strong>&nbsp;subsidio a la tasa de inter\u00e9, la cual no podr\u00e1 aumentar de 10%;&nbsp;<\/strong>para financiar la adquisici\u00f3n de vivienda VIS y VIP, a trav\u00e9s de intermediarios financieros, los mejoramientos de vivienda y tambi\u00e9n capital de trabajo para los constructores de VIS y VIP.<\/p>\n","protected":false},"excerpt":{"rendered":"<p>Estas l\u00edneas de cr\u00e9dito se abrir\u00e1n en alianza con el&nbsp;Fondo Nacional del Ahorro, que contar\u00e1 con 1,5 billones de pesos, y&nbsp;Findeter, que recibir\u00e1 un bill\u00f3n de pesos. La ministra de vivienda, Catalina Velasco, asegur\u00f3 que estas l\u00edneas de cr\u00e9dito se crean en un momento de&nbsp;enfriamiento en la econom\u00eda&nbsp;para apoyar la reactivaci\u00f3n del sector. \u201cUno de [&hellip;]<\/p>\n","protected":false},"author":2,"featured_media":5004,"comment_status":"open","ping_status":"open","sticky":false,"template":"","format":"standard","meta":{"_joinchat":[],"footnotes":""},"categories":[90,91],"tags":[],"class_list":["post-11817","post","type-post","status-publish","format-standard","has-post-thumbnail","hentry","category-actulidad-en-la-construccion","category-economia-al-dia"],"_links":{"self":[{"href":"https:\/\/foncomerinmobiliaria.com.co\/index.php?rest_route=\/wp\/v2\/posts\/11817","targetHints":{"allow":["GET"]}}],"collection":[{"href":"https:\/\/foncomerinmobiliaria.com.co\/index.php?rest_route=\/wp\/v2\/posts"}],"about":[{"href":"https:\/\/foncomerinmobiliaria.com.co\/index.php?rest_route=\/wp\/v2\/types\/post"}],"author":[{"embeddable":true,"href":"https:\/\/foncomerinmobiliaria.com.co\/index.php?rest_route=\/wp\/v2\/users\/2"}],"replies":[{"embeddable":true,"href":"https:\/\/foncomerinmobiliaria.com.co\/index.php?rest_route=%2Fwp%2Fv2%2Fcomments&post=11817"}],"version-history":[{"count":1,"href":"https:\/\/foncomerinmobiliaria.com.co\/index.php?rest_route=\/wp\/v2\/posts\/11817\/revisions"}],"predecessor-version":[{"id":11819,"href":"https:\/\/foncomerinmobiliaria.com.co\/index.php?rest_route=\/wp\/v2\/posts\/11817\/revisions\/11819"}],"wp:featuredmedia":[{"embeddable":true,"href":"https:\/\/foncomerinmobiliaria.com.co\/index.php?rest_route=\/wp\/v2\/media\/5004"}],"wp:attachment":[{"href":"https:\/\/foncomerinmobiliaria.com.co\/index.php?rest_route=%2Fwp%2Fv2%2Fmedia&parent=11817"}],"wp:term":[{"taxonomy":"category","embeddable":true,"href":"https:\/\/foncomerinmobiliaria.com.co\/index.php?rest_route=%2Fwp%2Fv2%2Fcategories&post=11817"},{"taxonomy":"post_tag","embeddable":true,"href":"https:\/\/foncomerinmobiliaria.com.co\/index.php?rest_route=%2Fwp%2Fv2%2Ftags&post=11817"}],"curies":[{"name":"wp","href":"https:\/\/api.w.org\/{rel}","templated":true}]}}