{"id":18492,"date":"2024-02-06T19:25:32","date_gmt":"2024-02-06T19:25:32","guid":{"rendered":"https:\/\/foncomerinmobiliaria.com.co\/?p=18492"},"modified":"2024-02-06T19:26:48","modified_gmt":"2024-02-06T19:26:48","slug":"una-nueva-orientacion-de-los-servicios-en-los-neobancos-que-expande-el-mercado","status":"publish","type":"post","link":"https:\/\/foncomerinmobiliaria.com.co\/?p=18492","title":{"rendered":"Una nueva orientaci\u00f3n de los servicios en Los neobancos que expande el mercado"},"content":{"rendered":"\n<p>Jos\u00e9 Alejandro Cort\u00e9s estuvo durante 55 a\u00f1os al frente de la direcci\u00f3n del&nbsp;<strong>Grupo Bol\u00edvar, una sociedad que agrupa a empresas como&nbsp;<u>Davivienda<\/u>, Seguros Bol\u00edvar y Constructora Bol\u00edvar, y que en 2022 report\u00f3 ingresos por $1,38 billones y una utilidad de $1,17 billones<\/strong>, seg\u00fan cifras registradas en la Supersociedades.<\/p>\n\n\n\n<p>Aunque se retir\u00f3 de la presidencia del Grupo Bol\u00edvar hace m\u00e1s de una d\u00e9cada, en marzo de 2011,&nbsp;<strong>es miembro principal en la Junta Directiva y su visi\u00f3n empresarial es clave en las decisiones que definen el rumbo empresarial de esta organizaci\u00f3n<\/strong>.<\/p>\n\n\n\n<p>Con esa visi\u00f3n de empresario, inversionista y hacedor de pa\u00eds,\u00a0<strong>Cort\u00e9s reconoci\u00f3 que si bien 2024 ser\u00e1 un a\u00f1o complejo (porque el gran reto es crear empleo), destac\u00f3 tambi\u00e9n que las empresas en Colombia siempre han sido resilientes<\/strong>.<\/p>\n\n\n\n<h4 class=\"wp-block-heading\"><strong>El&nbsp;<u>Grupo Bol\u00edvar<\/u>&nbsp;tiene varias empresas en sectores estrat\u00e9gicos, \u00bfc\u00f3mo ve el panorama en lo financiero, la construcci\u00f3n y los seguros?<\/strong><\/h4>\n\n\n\n<p>El panorama no ha sido f\u00e1cil y por varias razones. Primero, por una situaci\u00f3n global que ha afectado a todas las industrias y empresas del pa\u00eds, y me refiero a la situaci\u00f3n de los conflictos armados en Europa, Asia y Medio Oriente.&nbsp;<strong>Eso ha afectado la parte relacionada con las importaciones y como consecuencia de todo eso hemos tenido un efecto inflacionario bastante evidente. Esa situaci\u00f3n en general ha implicado varias cosas: inflaci\u00f3n y tasas de inter\u00e9s altas<\/strong>.<\/p>\n\n\n\n<p>Desde el punto de vista de nuestros clientes, resulta una situaci\u00f3n muy compleja, dif\u00edcil, porque para todos ellos se ha subido el cr\u00e9dito y muchos no han podido atender adecuadamente sus obligaciones.<\/p>\n\n\n\n<p>Consecuencia de eso, el sector bancario, en general el financiero, se ha visto afectado negativamente.\u00a0<strong>En otras palabras, esto afecta a todas las empresas, no es solo a los bancos, incluso a los clientes, a los cuales nosotros les facilitamos los recursos.<\/strong><\/p>\n\n\n<div class=\"wp-block-image\">\n<figure class=\"aligncenter size-full is-resized\"><img fetchpriority=\"high\" decoding=\"async\" width=\"300\" height=\"229\" src=\"https:\/\/foncomerinmobiliaria.com.co\/wp-content\/uploads\/2024\/02\/monetario.png\" alt=\"\" class=\"wp-image-18493\" style=\"width:282px;height:auto\"\/><\/figure>\n<\/div>\n\n\n<h4 class=\"wp-block-heading\"><strong>\u00bfEsperan altos niveles de morosidad en 2024?<\/strong><\/h4>\n\n\n\n<p>S\u00ed, pero hay que aclarar y destacar que no son tan altos como los que tuvimos el a\u00f1o anterior.<\/p>\n\n\n\n<h4 class=\"wp-block-heading\"><strong>El presidente Petro ha dicho que el Banco de la Rep\u00fablica debe bajar a\u00fan m\u00e1s las tasas<\/strong><\/h4>\n\n\n\n<p>Creo que es muy f\u00e1cil decir \u201ces que esto es as\u00ed\u201d.&nbsp;<strong>Tenemos un grupo directivo en el&nbsp;<u>Banco de la Rep\u00fablica<\/u>&nbsp;muy capaz, muy profesional y muy serio<\/strong>. Yo tengo mucha confianza en lo que ellos est\u00e1n haciendo.&nbsp;<strong>Hay que dejar que hagan su trabajo que es reducir la inflaci\u00f3n, cuidar el empleo y buscar la forma de c\u00f3mo puedan generar m\u00e1s valor para el crecimiento del pa\u00eds<\/strong>.<\/p>\n\n\n\n<h4 class=\"wp-block-heading\"><strong>Hablando de tasas, paso al tema bancario, \u00bflos neobancos le restan mercado a la banca tradicional?<\/strong><\/h4>\n\n\n\n<p>El neobanco es una nueva concepci\u00f3n muy orientada a las nuevas tecnolog\u00edas. Ese mundo tambi\u00e9n ha tenido muchas dificultades por la coyuntura que dije anteriormente.&nbsp;<strong>Uno tiene que acostumbrarse a la competencia y pensar que la competencia es buena porque lo obliga a uno a estar muy al d\u00eda en esas tecnolog\u00edas y en esas innovaciones que puedan aparecer en los negocios en los que uno est\u00e1.<\/strong><\/p>\n\n\n\n<p><strong>Dir\u00eda que los neobancos son una nueva orientaci\u00f3n que expande el mercado, no es que el mercado sea el mismo y que hay que repartirlo entre m\u00e1s actores. No. Hay una expansi\u00f3n en el mercado<\/strong>&nbsp;y hay unas posibilidades que yo creo que van a ser buenas para toda la sociedad.<\/p>\n\n\n\n<h4 class=\"wp-block-heading\"><strong>\u00bfDesaparecer\u00e1 la oficina bancaria en su formato f\u00edsico?<\/strong><\/h4>\n\n\n\n<p>No. Esa no va a desaparecer, va a continuar por mucho tiempo y van a existir los dos formatos, las diferentes posibilidades.<\/p>\n","protected":false},"excerpt":{"rendered":"<p>Jos\u00e9 Alejandro Cort\u00e9s estuvo durante 55 a\u00f1os al frente de la direcci\u00f3n del&nbsp;Grupo Bol\u00edvar, una sociedad que agrupa a empresas como&nbsp;Davivienda, Seguros Bol\u00edvar y Constructora Bol\u00edvar, y que en 2022 report\u00f3 ingresos por $1,38 billones y una utilidad de $1,17 billones, seg\u00fan cifras registradas en la Supersociedades. Aunque se retir\u00f3 de la presidencia del Grupo [&hellip;]<\/p>\n","protected":false},"author":2,"featured_media":18493,"comment_status":"open","ping_status":"open","sticky":false,"template":"","format":"standard","meta":{"_joinchat":[],"footnotes":""},"categories":[91],"tags":[],"class_list":["post-18492","post","type-post","status-publish","format-standard","has-post-thumbnail","hentry","category-economia-al-dia"],"_links":{"self":[{"href":"https:\/\/foncomerinmobiliaria.com.co\/index.php?rest_route=\/wp\/v2\/posts\/18492","targetHints":{"allow":["GET"]}}],"collection":[{"href":"https:\/\/foncomerinmobiliaria.com.co\/index.php?rest_route=\/wp\/v2\/posts"}],"about":[{"href":"https:\/\/foncomerinmobiliaria.com.co\/index.php?rest_route=\/wp\/v2\/types\/post"}],"author":[{"embeddable":true,"href":"https:\/\/foncomerinmobiliaria.com.co\/index.php?rest_route=\/wp\/v2\/users\/2"}],"replies":[{"embeddable":true,"href":"https:\/\/foncomerinmobiliaria.com.co\/index.php?rest_route=%2Fwp%2Fv2%2Fcomments&post=18492"}],"version-history":[{"count":1,"href":"https:\/\/foncomerinmobiliaria.com.co\/index.php?rest_route=\/wp\/v2\/posts\/18492\/revisions"}],"predecessor-version":[{"id":18494,"href":"https:\/\/foncomerinmobiliaria.com.co\/index.php?rest_route=\/wp\/v2\/posts\/18492\/revisions\/18494"}],"wp:featuredmedia":[{"embeddable":true,"href":"https:\/\/foncomerinmobiliaria.com.co\/index.php?rest_route=\/wp\/v2\/media\/18493"}],"wp:attachment":[{"href":"https:\/\/foncomerinmobiliaria.com.co\/index.php?rest_route=%2Fwp%2Fv2%2Fmedia&parent=18492"}],"wp:term":[{"taxonomy":"category","embeddable":true,"href":"https:\/\/foncomerinmobiliaria.com.co\/index.php?rest_route=%2Fwp%2Fv2%2Fcategories&post=18492"},{"taxonomy":"post_tag","embeddable":true,"href":"https:\/\/foncomerinmobiliaria.com.co\/index.php?rest_route=%2Fwp%2Fv2%2Ftags&post=18492"}],"curies":[{"name":"wp","href":"https:\/\/api.w.org\/{rel}","templated":true}]}}