{"id":18727,"date":"2024-06-05T21:15:45","date_gmt":"2024-06-05T21:15:45","guid":{"rendered":"https:\/\/foncomerinmobiliaria.com.co\/?p=18727"},"modified":"2024-06-05T21:27:33","modified_gmt":"2024-06-05T21:27:33","slug":"el-plan-de-accion-que-propone-camacol-para-reactivar-el-sector-vivienda","status":"publish","type":"post","link":"https:\/\/foncomerinmobiliaria.com.co\/?p=18727","title":{"rendered":"El plan de acci\u00f3n que propone Camacol para reactivar el sector vivienda"},"content":{"rendered":"\n<p>Esta industria ya completa m\u00e1s de un a\u00f1o de ca\u00eddas en sus diferentes indicadores, incluyendo lanzamientos y ventas.\u00a0<\/p>\n\n\n\n<figure class=\"wp-block-image size-full is-resized\"><img fetchpriority=\"high\" decoding=\"async\" width=\"670\" height=\"450\" src=\"https:\/\/foncomerinmobiliaria.com.co\/wp-content\/uploads\/2024\/06\/avaluocasa.jpg\" alt=\"\" class=\"wp-image-18730\" style=\"width:295px;height:auto\" srcset=\"https:\/\/foncomerinmobiliaria.com.co\/wp-content\/uploads\/2024\/06\/avaluocasa.jpg 670w, https:\/\/foncomerinmobiliaria.com.co\/wp-content\/uploads\/2024\/06\/avaluocasa-300x201.jpg 300w, https:\/\/foncomerinmobiliaria.com.co\/wp-content\/uploads\/2024\/06\/avaluocasa-496x333.jpg 496w\" sizes=\"(max-width: 670px) 100vw, 670px\" \/><\/figure>\n\n\n\n<p><strong>El 2024 no arranc\u00f3 muy bien para el sector vivienda<\/strong>. Tras un a\u00f1o marcado por las ca\u00eddas contin\u00faas, la reactivaci\u00f3n se ha convertido en una prioridad.<\/p>\n\n\n\n<p>Tan solo en el primer trimestre del a\u00f1o, se registraron retrocesos en casi todos los indicadores, incluyendo los lanzamientos, que cayeron un 34 %, y las ventas, que mantienen su mala racha con una baja del 17,7 %<\/p>\n\n\n\n<p id=\"p603608-m448-2-449\">Ante este panorama, la C\u00e1mara Colombiana de la Construcci\u00f3n (Camacol) ha puesto sobre la mesa una serie de medidas a tener en cuenta&nbsp;<strong>para darle un nuevo impulso al sector<\/strong>&nbsp;y aliviar as\u00ed el impacto que su desaceleraci\u00f3n est\u00e1 teniendo en la generaci\u00f3n de empleo y en la econom\u00eda local en general.&nbsp;<\/p>\n\n\n\n<p id=\"p603608-m454-3-455\">En entrevista con EL TIEMPO, el director del gremio, Guillermo Herrera, explic\u00f3 con m\u00e1s detalle en qu\u00e9 consiste este plan de acci\u00f3n.\u00a0\u00a0<\/p>\n\n\n\n<p><strong>Reactivaci\u00f3n del sector<\/strong><\/p>\n\n\n\n<p id=\"p603608-m478-6-479\">De acuerdo con Herrera, el punto de partida es tener claridad respecto a los niveles de ejecuci\u00f3n que tiene el Fondo Nacional de Vivienda frente a los recursos para subsidios.<\/p>\n\n\n\n<p id=\"p603608-m484-7-485\">Lo anterior considerando que en el 2023\u00a0<strong>solo se ejecut\u00f3 cerca del 40 % de los recursos\u00a0<\/strong>establecidos en el presupuesto de inversi\u00f3n. Para este a\u00f1o el panorama no pinta muy diferente, puesto que, con corte al 31 de marzo, la cifra se ubica en 12 %.\u00a0<\/p>\n\n\n\n<p id=\"p603608-m490-8-491\"><em>&#8220;Nos preocupa que para poder mover con mayor velocidad la din\u00e1mica del sector no haya una estrategia clara para incrementar la ejecuci\u00f3n de recursos por parte del Ministerio de Vivienda&#8221;,<\/em>\u00a0se\u00f1al\u00f3.<\/p>\n\n\n\n<p id=\"p603608-m528-11-529\">Como un segundo aspecto importante, el l\u00edder gremial hizo \u00e9nfasis en la necesidad de resolver los&nbsp;<strong>problemas presupuestales relacionados con Mi Casa Ya.&nbsp;<\/strong>Esto debido a que, teniendo en cuenta que este es un subsidio que se da para la cuota inicial o para la tasa de inter\u00e9s, seg\u00fan Camacol, por tercer a\u00f1o consecutivo los subsidios no est\u00e1n completos.&nbsp;<\/p>\n\n\n\n<p id=\"p603608-m534-12-535\"><em>&#8220;El Ministerio de Vivienda dice que deber\u00edan ser 50.000 subsidios cada a\u00f1o y por tercer a\u00f1o consecutivo tenemos los 50.000 subsidios a la cuota inicial, pero no tenemos los 50.000 subsidios a la tasa de inter\u00e9s. Particularmente, este a\u00f1o faltan 17.000 subsidios a la tasa de inter\u00e9s. Esto es importante porque si no est\u00e1n los dos subsidios no puede haber desembolsado&#8221;<\/em>, destac\u00f3.&nbsp;<\/p>\n\n\n\n<p id=\"p603608-m540-13-541\">El presidente de Camacol tambi\u00e9n recalca la importancia de\u00a0<strong>revisar qu\u00e9 est\u00e1 pasando con el empleo<\/strong>\u00a0y qu\u00e9 acciones se pueden poner en marcha para que este no se pierda. En ese sentido, hay propuestas relacionadas con\u00a0la financiaci\u00f3n de vivienda VIS y No VIS v\u00eda tasas de inter\u00e9s.<\/p>\n\n\n\n<p id=\"p603608-m546-14-547\"><em>&#8220;Hoy en d\u00eda, con tasas promedio del 14 % un hogar que gana menos de dos salarios m\u00ednimos mensuales no puede comprar una vivienda de 117 salarios m\u00ednimos (152,1 millones de pesos) porque los niveles de endeudamiento y la capacidad de pago de la cuota inicial superar\u00eda el 40 % de su ingreso mensual&#8221;<\/em>.<\/p>\n\n\n\n<p id=\"p603608-m552-15-553\">Herrera a\u00f1adi\u00f3 que es importante buscar mecanismos para que tanto los hogares m\u00e1s pobres como los que compran vivienda no VIS puedan tener acceso a estos inmuebles a tasas m\u00e1s favorables.&nbsp;&nbsp;<\/p>\n","protected":false},"excerpt":{"rendered":"<p>Esta industria ya completa m\u00e1s de un a\u00f1o de ca\u00eddas en sus diferentes indicadores, incluyendo lanzamientos y ventas.\u00a0 El 2024 no arranc\u00f3 muy bien para el sector vivienda. Tras un a\u00f1o marcado por las ca\u00eddas contin\u00faas, la reactivaci\u00f3n se ha convertido en una prioridad. Tan solo en el primer trimestre del a\u00f1o, se registraron retrocesos [&hellip;]<\/p>\n","protected":false},"author":2,"featured_media":18730,"comment_status":"open","ping_status":"open","sticky":false,"template":"","format":"standard","meta":{"_joinchat":[],"footnotes":""},"categories":[90,91],"tags":[],"class_list":["post-18727","post","type-post","status-publish","format-standard","has-post-thumbnail","hentry","category-actulidad-en-la-construccion","category-economia-al-dia"],"_links":{"self":[{"href":"https:\/\/foncomerinmobiliaria.com.co\/index.php?rest_route=\/wp\/v2\/posts\/18727","targetHints":{"allow":["GET"]}}],"collection":[{"href":"https:\/\/foncomerinmobiliaria.com.co\/index.php?rest_route=\/wp\/v2\/posts"}],"about":[{"href":"https:\/\/foncomerinmobiliaria.com.co\/index.php?rest_route=\/wp\/v2\/types\/post"}],"author":[{"embeddable":true,"href":"https:\/\/foncomerinmobiliaria.com.co\/index.php?rest_route=\/wp\/v2\/users\/2"}],"replies":[{"embeddable":true,"href":"https:\/\/foncomerinmobiliaria.com.co\/index.php?rest_route=%2Fwp%2Fv2%2Fcomments&post=18727"}],"version-history":[{"count":3,"href":"https:\/\/foncomerinmobiliaria.com.co\/index.php?rest_route=\/wp\/v2\/posts\/18727\/revisions"}],"predecessor-version":[{"id":18731,"href":"https:\/\/foncomerinmobiliaria.com.co\/index.php?rest_route=\/wp\/v2\/posts\/18727\/revisions\/18731"}],"wp:featuredmedia":[{"embeddable":true,"href":"https:\/\/foncomerinmobiliaria.com.co\/index.php?rest_route=\/wp\/v2\/media\/18730"}],"wp:attachment":[{"href":"https:\/\/foncomerinmobiliaria.com.co\/index.php?rest_route=%2Fwp%2Fv2%2Fmedia&parent=18727"}],"wp:term":[{"taxonomy":"category","embeddable":true,"href":"https:\/\/foncomerinmobiliaria.com.co\/index.php?rest_route=%2Fwp%2Fv2%2Fcategories&post=18727"},{"taxonomy":"post_tag","embeddable":true,"href":"https:\/\/foncomerinmobiliaria.com.co\/index.php?rest_route=%2Fwp%2Fv2%2Ftags&post=18727"}],"curies":[{"name":"wp","href":"https:\/\/api.w.org\/{rel}","templated":true}]}}